{"id":9783,"date":"2025-10-22T12:50:20","date_gmt":"2025-10-22T18:50:20","guid":{"rendered":"https:\/\/radiolapeligrosa.com\/?p=9783"},"modified":"2025-10-22T12:50:20","modified_gmt":"2025-10-22T18:50:20","slug":"eden-munoz-emociona-en-el-primer-youtube-music-night-de-mexico-con-una-noche-intima-y-honesta","status":"publish","type":"post","link":"https:\/\/radiolapeligrosa.com\/?p=9783","title":{"rendered":"Eden Mu\u00f1oz emociona en el primer YouTube Music Night de M\u00e9xico, con una noche \u00edntima y honesta"},"content":{"rendered":"\n<p class=\"wp-block-paragraph\">El cantautor present\u00f3 una selecci\u00f3n especial de canciones de su \u00e1lbum &#8220;Piedras a la Luna&#8221; y algunos de sus grandes \u00e9xitos ante 150 fans en la Ciudad de M\u00e9xico.&nbsp;<\/p>\n\n\n\n<p class=\"wp-block-paragraph\">En un formato \u00edntimo, sin poses y con la esencia que lo caracteriza, Eden Mu\u00f1oz ofreci\u00f3 una presentaci\u00f3n inolvidable en el YouTube Music Night, donde comparti\u00f3 con 150 asistentes una noche llena de emociones, canciones y momentos de reflexi\u00f3n.&nbsp;Entre el p\u00fablico se encontraban fans que lo han acompa\u00f1ado desde <strong>hace m\u00e1s <\/strong><strong>de <\/strong><strong>quince a\u00f1os <\/strong>y clubes de seguidores que no faltan a ninguno de sus conciertos. Eden quiso tenerlos ah\u00ed como agradecimiento, como un gesto hacia esa comunidad que ha sido parte de su historia y que, en sus palabras, &#8220;han estado en cada paso, en cada etapa, en cada locura musical que me he aventado&#8221;.<\/p>\n\n\n\n<figure class=\"wp-block-embed is-type-video is-provider-youtube wp-block-embed-youtube wp-embed-aspect-16-9 wp-has-aspect-ratio\"><div class=\"wp-block-embed__wrapper\">\n<iframe loading=\"lazy\" title=\"Eden Mu\u00f1oz - YouTube Music Nights: Piedras a la Luna (En Vivo)\" width=\"640\" height=\"360\" src=\"https:\/\/www.youtube.com\/embed\/BVgx42I2ui0?start=1431&#038;feature=oembed\" frameborder=\"0\" allow=\"accelerometer; autoplay; clipboard-write; encrypted-media; gyroscope; picture-in-picture; web-share\" referrerpolicy=\"strict-origin-when-cross-origin\" allowfullscreen><\/iframe>\n<\/div><\/figure>\n\n\n\n<p class=\"wp-block-paragraph\">El concierto, realizado en la Ciudad de M\u00e9xico, reuni\u00f3 algunos de los temas m\u00e1s representativos de su nuevo \u00e1lbum Piedras a la Luna -c\u00f3mo \u201cTe Juro Que Te Amo\u201d, \u201cSin Yolanda\u201d, \u201cAprovecha\u201d, &#8220;Lejos Estamos Mejor&#8221; y la poderosa &#8220;Piedras a la Luna&#8221;-, junto a canciones que han marcado su camino como solista, entre ellas &#8220;Como En Los Viejos Tiempos&#8221;, &#8220;La Nena&#8221; y &#8220;Enam\u00f3rate de M\u00ed&#8221;.&nbsp;<\/p>\n\n\n\n<p class=\"wp-block-paragraph\">El YouTube Music Night permiti\u00f3 ver a Eden en su forma m\u00e1s genuina: hablando directamente con su p\u00fablico, bromeando entre canciones y abriendo el coraz\u00f3n cuando la emoci\u00f3n lo ped\u00eda. <strong>\u201c<\/strong><strong>Le <\/strong><strong><em>hac\u00eda falta <\/em><\/strong><strong><em>a <\/em><\/strong><strong><em>la <\/em><\/strong><strong><em>m\u00fasica <\/em><\/strong><strong>un <\/strong><strong><em>espacio <\/em><\/strong><strong><em>as\u00ed<\/em><\/strong><strong><em>, <\/em><\/strong><strong><em>en <\/em><\/strong><strong>vivo<\/strong><strong>, <\/strong><strong><em>donde <\/em><\/strong><strong><em>las <\/em><\/strong><strong><em>canciones <\/em><\/strong><strong><em>suenen como <\/em><\/strong><strong><em>son <\/em><\/strong><strong><em>y <\/em><\/strong><strong>se <\/strong><strong><em>sientan <\/em><\/strong><strong><em>como <\/em><\/strong><strong><em>se <\/em><\/strong><strong><em>hicieron<\/em><\/strong><strong>: <\/strong><strong>sin <\/strong><strong><em>filtros<\/em><\/strong><strong>, <\/strong><strong>con <\/strong><strong><em>alma<\/em><\/strong><strong><em>,<\/em><\/strong><strong><em>&#8221; <\/em><\/strong>dijo entre aplausos, dejando claro el esp\u00edritu de la noche.&nbsp;<\/p>\n\n\n\n<p class=\"wp-block-paragraph\">En varios momentos, el p\u00fablico se uni\u00f3 al coro, haciendo del lugar un peque\u00f1o santuario musical. El show se convirti\u00f3 en catarsis compartidas, mientras Eden recordaba el significado detr\u00e1s del \u00e1lbum: <strong><em>&#8220;<\/em><\/strong><strong><em>Tirar <\/em><\/strong><strong><em>piedras <\/em><\/strong><strong><em>a <\/em><\/strong><strong><em>la <\/em><\/strong><strong><em>luna <\/em><\/strong><strong>es <\/strong><strong><em>atreverte<\/em><\/strong><strong><em>, <\/em><\/strong><strong><em>aunque <\/em><\/strong><strong><em>sepas <\/em><\/strong><strong><em>que <\/em><\/strong><strong><em>est\u00e1 <\/em><\/strong><strong>lejos<\/strong>. <strong><em>Porque <\/em><\/strong><strong>lo <\/strong><strong>bonito <\/strong><strong><em>est\u00e1 en <\/em><\/strong><strong><em>intentarlo<\/em><\/strong><strong><em>.<\/em><\/strong><strong><em>&#8221;&nbsp;<\/em><\/strong><\/p>\n\n\n\n<p class=\"wp-block-paragraph\">El show fue grabado en alta calidad para su <strong>estreno <\/strong><strong>exclusivo en <\/strong><strong>YouTube<\/strong>, plataforma que contin\u00faa apostando por conectar a los artistas con sus audiencias a trav\u00e9s de experiencias reales, \u00edntimas y llenas de autenticidad.&nbsp;<\/p>\n\n\n\n<figure class=\"wp-block-image size-large\"><img loading=\"lazy\" decoding=\"async\" width=\"1024\" height=\"768\" src=\"https:\/\/radiolapeligrosa.com\/wp-content\/uploads\/2025\/10\/EDEN-1024x768.jpeg\" alt=\"\" class=\"wp-image-9784\" srcset=\"https:\/\/radiolapeligrosa.com\/wp-content\/uploads\/2025\/10\/EDEN-1024x768.jpeg 1024w, https:\/\/radiolapeligrosa.com\/wp-content\/uploads\/2025\/10\/EDEN-300x225.jpeg 300w, https:\/\/radiolapeligrosa.com\/wp-content\/uploads\/2025\/10\/EDEN-768x576.jpeg 768w, https:\/\/radiolapeligrosa.com\/wp-content\/uploads\/2025\/10\/EDEN-1536x1152.jpeg 1536w, https:\/\/radiolapeligrosa.com\/wp-content\/uploads\/2025\/10\/EDEN.jpeg 1600w\" sizes=\"auto, (max-width: 1024px) 100vw, 1024px\" \/><\/figure>\n","protected":false},"excerpt":{"rendered":"<p>El cantautor present\u00f3 una selecci\u00f3n especial<\/p>\n","protected":false},"author":5,"featured_media":9785,"comment_status":"closed","ping_status":"closed","sticky":false,"template":"","format":"standard","meta":{"_crdt_document":"","footnotes":"","jetpack_publicize_message":"","jetpack_publicize_feature_enabled":true,"jetpack_social_post_already_shared":true,"jetpack_social_options":{"image_generator_settings":{"template":"highway","default_image_id":0,"font":"","enabled":false},"version":2}},"categories":[1],"tags":[],"class_list":["post-9783","post","type-post","status-publish","format-standard","has-post-thumbnail","hentry","category-farandula"],"jetpack_publicize_connections":[],"_links":{"self":[{"href":"https:\/\/radiolapeligrosa.com\/index.php?rest_route=\/wp\/v2\/posts\/9783","targetHints":{"allow":["GET"]}}],"collection":[{"href":"https:\/\/radiolapeligrosa.com\/index.php?rest_route=\/wp\/v2\/posts"}],"about":[{"href":"https:\/\/radiolapeligrosa.com\/index.php?rest_route=\/wp\/v2\/types\/post"}],"author":[{"embeddable":true,"href":"https:\/\/radiolapeligrosa.com\/index.php?rest_route=\/wp\/v2\/users\/5"}],"replies":[{"embeddable":true,"href":"https:\/\/radiolapeligrosa.com\/index.php?rest_route=%2Fwp%2Fv2%2Fcomments&post=9783"}],"version-history":[{"count":1,"href":"https:\/\/radiolapeligrosa.com\/index.php?rest_route=\/wp\/v2\/posts\/9783\/revisions"}],"predecessor-version":[{"id":9786,"href":"https:\/\/radiolapeligrosa.com\/index.php?rest_route=\/wp\/v2\/posts\/9783\/revisions\/9786"}],"wp:featuredmedia":[{"embeddable":true,"href":"https:\/\/radiolapeligrosa.com\/index.php?rest_route=\/wp\/v2\/media\/9785"}],"wp:attachment":[{"href":"https:\/\/radiolapeligrosa.com\/index.php?rest_route=%2Fwp%2Fv2%2Fmedia&parent=9783"}],"wp:term":[{"taxonomy":"category","embeddable":true,"href":"https:\/\/radiolapeligrosa.com\/index.php?rest_route=%2Fwp%2Fv2%2Fcategories&post=9783"},{"taxonomy":"post_tag","embeddable":true,"href":"https:\/\/radiolapeligrosa.com\/index.php?rest_route=%2Fwp%2Fv2%2Ftags&post=9783"}],"curies":[{"name":"wp","href":"https:\/\/api.w.org\/{rel}","templated":true}]}}