{"id":9993,"date":"2026-09-03T08:11:07","date_gmt":"2026-09-03T14:11:07","guid":{"rendered":"https:\/\/radiolapeligrosa.com\/?p=9993"},"modified":"2026-09-03T08:11:07","modified_gmt":"2026-09-03T14:11:07","slug":"abogado-de-ozuna-confirma-que-el-cantante-si-tuvo-una-relacion-con-modelo-que-lo-acusa","status":"publish","type":"post","link":"https:\/\/radiolapeligrosa.com\/?p=9993","title":{"rendered":"Abogado de Ozuna confirma que el cantante s\u00ed tuvo una relaci\u00f3n con modelo que lo acusa"},"content":{"rendered":"<div class=\"wp-block-image\">\n<figure class=\"aligncenter size-full is-resized\"><img loading=\"lazy\" decoding=\"async\" width=\"942\" height=\"628\" src=\"https:\/\/radiolapeligrosa.com\/wp-content\/uploads\/2026\/09\/image-3.png\" alt=\"\" class=\"wp-image-9994\" style=\"width:606px;height:auto\" srcset=\"https:\/\/radiolapeligrosa.com\/wp-content\/uploads\/2026\/09\/image-3.png 942w, https:\/\/radiolapeligrosa.com\/wp-content\/uploads\/2026\/09\/image-3-300x200.png 300w, https:\/\/radiolapeligrosa.com\/wp-content\/uploads\/2026\/09\/image-3-768x512.png 768w, https:\/\/radiolapeligrosa.com\/wp-content\/uploads\/2026\/09\/image-3-600x400.png 600w\" sizes=\"auto, (max-width: 942px) 100vw, 942px\" \/><\/figure>\n<\/div>\n\n\n<p class=\"has-medium-font-size wp-block-paragraph\">El abogado de Ozuna confirm\u00f3 que el cantante mantuvo una relaci\u00f3n con Gillian Atkinson, modelo que lo acusa de presunto maltrato f\u00edsico y quien ya tiene una orden de protecci\u00f3n a su favor.<\/p>\n","protected":false},"excerpt":{"rendered":"<p>El abogado de Ozuna confirm\u00f3 que<\/p>\n","protected":false},"author":5,"featured_media":9995,"comment_status":"closed","ping_status":"closed","sticky":false,"template":"","format":"standard","meta":{"footnotes":"","jetpack_publicize_message":"","jetpack_publicize_feature_enabled":true,"jetpack_social_post_already_shared":true,"jetpack_social_options":{"image_generator_settings":{"template":"highway","default_image_id":0,"font":"","enabled":false},"version":2}},"categories":[1],"tags":[],"class_list":["post-9993","post","type-post","status-publish","format-standard","has-post-thumbnail","hentry","category-farandula"],"jetpack_publicize_connections":[],"_links":{"self":[{"href":"https:\/\/radiolapeligrosa.com\/index.php?rest_route=\/wp\/v2\/posts\/9993","targetHints":{"allow":["GET"]}}],"collection":[{"href":"https:\/\/radiolapeligrosa.com\/index.php?rest_route=\/wp\/v2\/posts"}],"about":[{"href":"https:\/\/radiolapeligrosa.com\/index.php?rest_route=\/wp\/v2\/types\/post"}],"author":[{"embeddable":true,"href":"https:\/\/radiolapeligrosa.com\/index.php?rest_route=\/wp\/v2\/users\/5"}],"replies":[{"embeddable":true,"href":"https:\/\/radiolapeligrosa.com\/index.php?rest_route=%2Fwp%2Fv2%2Fcomments&post=9993"}],"version-history":[{"count":1,"href":"https:\/\/radiolapeligrosa.com\/index.php?rest_route=\/wp\/v2\/posts\/9993\/revisions"}],"predecessor-version":[{"id":9996,"href":"https:\/\/radiolapeligrosa.com\/index.php?rest_route=\/wp\/v2\/posts\/9993\/revisions\/9996"}],"wp:featuredmedia":[{"embeddable":true,"href":"https:\/\/radiolapeligrosa.com\/index.php?rest_route=\/wp\/v2\/media\/9995"}],"wp:attachment":[{"href":"https:\/\/radiolapeligrosa.com\/index.php?rest_route=%2Fwp%2Fv2%2Fmedia&parent=9993"}],"wp:term":[{"taxonomy":"category","embeddable":true,"href":"https:\/\/radiolapeligrosa.com\/index.php?rest_route=%2Fwp%2Fv2%2Fcategories&post=9993"},{"taxonomy":"post_tag","embeddable":true,"href":"https:\/\/radiolapeligrosa.com\/index.php?rest_route=%2Fwp%2Fv2%2Ftags&post=9993"}],"curies":[{"name":"wp","href":"https:\/\/api.w.org\/{rel}","templated":true}]}}